{"id":9724,"date":"2025-08-06T14:54:55","date_gmt":"2025-08-06T17:54:55","guid":{"rendered":"https:\/\/agrocerespic.com.br\/?p=9724"},"modified":"2025-08-06T15:25:13","modified_gmt":"2025-08-06T18:25:13","slug":"diretor-da-agroceres-pic-traca-panorama-e-aponta-perspectivas-para-a-suinocultura-mundial-na-25a-agroleite","status":"publish","type":"post","link":"https:\/\/agrocerespic.com.br\/en\/noticias\/diretor-da-agroceres-pic-traca-panorama-e-aponta-perspectivas-para-a-suinocultura-mundial-na-25a-agroleite\/","title":{"rendered":"Diretor da Agroceres PIC tra\u00e7a panorama e aponta perspectivas para a suinocultura mundial na 25\u00aa Agroleite"},"content":{"rendered":"<p>Em um cen\u00e1rio de crescimento econ\u00f4mico global lento &#8211; com infla\u00e7\u00e3o em queda, mas juros ainda elevados &#8211; e marcado por incertezas geopol\u00edticas, a produ\u00e7\u00e3o mundial de carne su\u00edna deve avan\u00e7ar de forma moderada em 2025, com crescimento projetado entre 0,1% e 0,9%.<\/p>\n\n\n\n<p>A demanda global segue relativamente est\u00e1vel, especialmente nos pa\u00edses em desenvolvimento. As margens dos produtores apresentam sinais de recupera\u00e7\u00e3o, com os EUA \u00e0 frente, sustentadas pela redu\u00e7\u00e3o nos custos de produ\u00e7\u00e3o, reflexo da queda nos pre\u00e7os de insumos como milho e soja, e por ganhos de produtividade ao longo da cadeia.<\/p>\n\n\n\n<div class=\"wp-block-columns is-layout-flex wp-container-core-columns-is-layout-28f84493 wp-block-columns-is-layout-flex\">\n<div class=\"wp-block-column is-layout-flow wp-block-column-is-layout-flow\">\n<figure class=\"wp-block-image size-large is-resized has-custom-border\"><img loading=\"lazy\" decoding=\"async\" width=\"1024\" height=\"768\" src=\"https:\/\/agrocerespic.com.br\/wp-content\/uploads\/2025\/08\/WhatsApp-Image-2025-08-06-at-13.57.36-1024x768.jpeg\" alt=\"\" class=\"wp-image-9725\" style=\"border-radius:60px;width:481px;height:auto\" srcset=\"https:\/\/agrocerespic.com.br\/wp-content\/uploads\/2025\/08\/WhatsApp-Image-2025-08-06-at-13.57.36-1024x768.jpeg 1024w, https:\/\/agrocerespic.com.br\/wp-content\/uploads\/2025\/08\/WhatsApp-Image-2025-08-06-at-13.57.36-300x225.jpeg 300w, https:\/\/agrocerespic.com.br\/wp-content\/uploads\/2025\/08\/WhatsApp-Image-2025-08-06-at-13.57.36-768x576.jpeg 768w, https:\/\/agrocerespic.com.br\/wp-content\/uploads\/2025\/08\/WhatsApp-Image-2025-08-06-at-13.57.36-1536x1152.jpeg 1536w, https:\/\/agrocerespic.com.br\/wp-content\/uploads\/2025\/08\/WhatsApp-Image-2025-08-06-at-13.57.36-16x12.jpeg 16w, https:\/\/agrocerespic.com.br\/wp-content\/uploads\/2025\/08\/WhatsApp-Image-2025-08-06-at-13.57.36.jpeg 1600w\" sizes=\"auto, (max-width: 1024px) 100vw, 1024px\" \/><\/figure>\n<\/div>\n\n\n\n<div class=\"wp-block-column is-layout-flow wp-block-column-is-layout-flow\" style=\"flex-basis:55%\">\n<p>\u201cO cen\u00e1rio da suinocultura global em 2025 \u00e9 de crescimento moderado, press\u00e3o por efici\u00eancia e estrat\u00e9gias cada vez mais cautelosas diante de um ambiente econ\u00f4mico inst\u00e1vel\u201d, afirmou Alexandre Furtado da Rosa, diretor Superintendente da Agroceres PIC, durante sua apresenta\u00e7\u00e3o no F\u00f3rum de Suinocultura da Castrolanda.<\/p>\n\n\n\n<p>Segundo o executivo, o setor opera sob contrastes regionais e enfrenta entravessanit\u00e1rios, &nbsp;e de rentabilidade<strong>.<\/strong> \u201cEnquanto Uni\u00e3o Europeia, Jap\u00e3o e Filipinas registram retra\u00e7\u00e3o na produ\u00e7\u00e3o, pressionadas por custos elevados, exig\u00eancias ambientais rigorosas e menor atratividade econ\u00f4mica, pa\u00edses como Brasil, Estados Unidos e China mant\u00eam desempenho robusto, com leve tend\u00eancia de crescimento, sustentado por efici\u00eancia e competitividade\u201d, destacou.<\/p>\n<\/div>\n<\/div>\n\n\n\n<p><\/p>\n\n\n\n<p class=\"has-medium-font-size\"><strong>Eventos sanit\u00e1rios, gr\u00e3os, tens\u00f5es comerciais<\/strong><\/p>\n\n\n\n<p>A suinocultura global enfrenta desafios importantes. De acordo com Alexandre, eventos sanit\u00e1rios, como a S\u00edndrome Reprodutiva e Respirat\u00f3ria dos Su\u00ednos (PRRS), a Peste Su\u00edna Africana (PSA) e a reemerg\u00eancia da febre aftosa, representam amea\u00e7as relevantes ao setor. Tamb\u00e9m alertou para a volatilidade na produ\u00e7\u00e3o e nos pre\u00e7os dos gr\u00e3os &#8211; influenciada por fatores clim\u00e1ticos, cambiais e geopol\u00edticos &#8211; e para as tens\u00f5es comerciais entre grandes economias.<\/p>\n\n\n\n<blockquote class=\"wp-block-quote is-layout-flow wp-block-quote-is-layout-flow\">\n<p>\u201cDiante dessas incertezas, a expans\u00e3o global do setor vem sendo conduzida com prud\u00eancia. Os investimentos est\u00e3o direcionados para inova\u00e7\u00e3o, com foco na melhoria gen\u00e9tica, bem-estar animal e tecnologias de precis\u00e3o. A aten\u00e7\u00e3o est\u00e1 voltada \u00e0 matriz su\u00edna e ao desempenho dos leit\u00f5es, buscando mais produtividade e sustentabilidade\u201d, observou o executivo.<\/p>\n<\/blockquote>\n\n\n\n<p class=\"has-medium-font-size\"><strong>Perspectivas<\/strong><\/p>\n\n\n\n<p>As perspectivas para os pr\u00f3ximos anos destacam o protagonismo crescente dos Estados Unidos e do Brasil na suinocultura mundial. O Brasil, em particular, apresenta forte vantagem competitiva, com elevado padr\u00e3o sanit\u00e1rio e gen\u00e9tico. Em contrapartida, j\u00e1 enfrenta a escassez de m\u00e3o de obra especializada como um novo desafio estrutural.<\/p>\n\n\n\n<div class=\"wp-block-columns is-layout-flex wp-container-core-columns-is-layout-28f84493 wp-block-columns-is-layout-flex\">\n<div class=\"wp-block-column is-layout-flow wp-block-column-is-layout-flow\">\n<p>A Uni\u00e3o Europeia, por sua vez, enfrenta tend\u00eancia de queda na produ\u00e7\u00e3o, pressionada por aumento de custos, demandas da sociedade por maior bem-estar animal e exig\u00eancias ambientais. J\u00e1 a China deve manter o consumo interno pr\u00f3ximo a 54 milh\u00f5es de toneladas anuais, com autossufici\u00eancia estimada em 96%, o que limita as oportunidades para exportadores a cerca de 1,5 milh\u00e3o de toneladas por ano.<\/p>\n\n\n\n<blockquote class=\"wp-block-quote is-layout-flow wp-block-quote-is-layout-flow\">\n<p>\u201cCom margens ainda ajustadas e um ambiente global desafiador, 2025 se consolida como um per\u00edodo de resili\u00eancia e reposicionamento estrat\u00e9gico para a suinocultura mundial. Efici\u00eancia, inova\u00e7\u00e3o e cautela s\u00e3o as palavras de ordem para os pr\u00f3ximos ciclos do setor\u201d, finaliza Alexandre.<\/p>\n<\/blockquote>\n<\/div>\n\n\n\n<div class=\"wp-block-column is-layout-flow wp-block-column-is-layout-flow\" style=\"flex-basis:45%\">\n<figure class=\"wp-block-image alignright size-large is-resized has-custom-border\"><img loading=\"lazy\" decoding=\"async\" width=\"1024\" height=\"768\" src=\"https:\/\/agrocerespic.com.br\/wp-content\/uploads\/2025\/08\/WhatsApp-Image-2025-08-06-at-13.57.35-1-1024x768.jpeg\" alt=\"\" class=\"wp-image-9727\" style=\"border-radius:60px;width:479px;height:auto\" srcset=\"https:\/\/agrocerespic.com.br\/wp-content\/uploads\/2025\/08\/WhatsApp-Image-2025-08-06-at-13.57.35-1-1024x768.jpeg 1024w, https:\/\/agrocerespic.com.br\/wp-content\/uploads\/2025\/08\/WhatsApp-Image-2025-08-06-at-13.57.35-1-300x225.jpeg 300w, https:\/\/agrocerespic.com.br\/wp-content\/uploads\/2025\/08\/WhatsApp-Image-2025-08-06-at-13.57.35-1-768x576.jpeg 768w, https:\/\/agrocerespic.com.br\/wp-content\/uploads\/2025\/08\/WhatsApp-Image-2025-08-06-at-13.57.35-1-1536x1152.jpeg 1536w, https:\/\/agrocerespic.com.br\/wp-content\/uploads\/2025\/08\/WhatsApp-Image-2025-08-06-at-13.57.35-1-16x12.jpeg 16w, https:\/\/agrocerespic.com.br\/wp-content\/uploads\/2025\/08\/WhatsApp-Image-2025-08-06-at-13.57.35-1.jpeg 1600w\" sizes=\"auto, (max-width: 1024px) 100vw, 1024px\" \/><\/figure>\n<\/div>\n<\/div>\n\n\n\n<p><\/p>","protected":false},"excerpt":{"rendered":"<p>Em um cen\u00e1rio de crescimento econ\u00f4mico global lento &#8211; com infla\u00e7\u00e3o em queda, mas juros ainda elevados &#8211; e marcado por incertezas geopol\u00edticas, a produ\u00e7\u00e3o mundial de carne su\u00edna deve avan\u00e7ar de forma moderada em 2025, com crescimento projetado entre 0,1% e 0,9%. A demanda global segue relativamente est\u00e1vel, especialmente nos pa\u00edses em desenvolvimento. As &hellip;<\/p>\n<p class=\"read-more\"> <a class=\"\" href=\"https:\/\/agrocerespic.com.br\/en\/noticias\/diretor-da-agroceres-pic-traca-panorama-e-aponta-perspectivas-para-a-suinocultura-mundial-na-25a-agroleite\/\"> <span class=\"screen-reader-text\">Diretor da Agroceres PIC tra\u00e7a panorama e aponta perspectivas para a suinocultura mundial na 25\u00aa Agroleite<\/span> Read More &raquo;<\/a><\/p>","protected":false},"author":5,"featured_media":9726,"comment_status":"closed","ping_status":"closed","sticky":false,"template":"","format":"standard","meta":{"inline_featured_image":false,"site-sidebar-layout":"default","site-content-layout":"","ast-site-content-layout":"","site-content-style":"default","site-sidebar-style":"default","ast-global-header-display":"","ast-banner-title-visibility":"","ast-main-header-display":"","ast-hfb-above-header-display":"","ast-hfb-below-header-display":"","ast-hfb-mobile-header-display":"","site-post-title":"","ast-breadcrumbs-content":"","ast-featured-img":"","footer-sml-layout":"","theme-transparent-header-meta":"","adv-header-id-meta":"","stick-header-meta":"","header-above-stick-meta":"","header-main-stick-meta":"","header-below-stick-meta":"","astra-migrate-meta-layouts":"","ast-page-background-enabled":"default","ast-page-background-meta":{"desktop":{"background-color":"var(--ast-global-color-4)","background-image":"","background-repeat":"repeat","background-position":"center center","background-size":"auto","background-attachment":"scroll","background-type":"","background-media":"","overlay-type":"","overlay-color":"","overlay-gradient":""},"tablet":{"background-color":"","background-image":"","background-repeat":"repeat","background-position":"center center","background-size":"auto","background-attachment":"scroll","background-type":"","background-media":"","overlay-type":"","overlay-color":"","overlay-gradient":""},"mobile":{"background-color":"","background-image":"","background-repeat":"repeat","background-position":"center center","background-size":"auto","background-attachment":"scroll","background-type":"","background-media":"","overlay-type":"","overlay-color":"","overlay-gradient":""}},"ast-content-background-meta":{"desktop":{"background-color":"var(--ast-global-color-5)","background-image":"","background-repeat":"repeat","background-position":"center center","background-size":"auto","background-attachment":"scroll","background-type":"","background-media":"","overlay-type":"","overlay-color":"","overlay-gradient":""},"tablet":{"background-color":"var(--ast-global-color-5)","background-image":"","background-repeat":"repeat","background-position":"center center","background-size":"auto","background-attachment":"scroll","background-type":"","background-media":"","overlay-type":"","overlay-color":"","overlay-gradient":""},"mobile":{"background-color":"var(--ast-global-color-5)","background-image":"","background-repeat":"repeat","background-position":"center center","background-size":"auto","background-attachment":"scroll","background-type":"","background-media":"","overlay-type":"","overlay-color":"","overlay-gradient":""}},"_joinchat":[],"footnotes":""},"categories":[11],"tags":[],"class_list":["post-9724","post","type-post","status-publish","format-standard","has-post-thumbnail","hentry","category-noticias"],"acf":[],"aioseo_notices":[],"_links":{"self":[{"href":"https:\/\/agrocerespic.com.br\/en\/wp-json\/wp\/v2\/posts\/9724","targetHints":{"allow":["GET"]}}],"collection":[{"href":"https:\/\/agrocerespic.com.br\/en\/wp-json\/wp\/v2\/posts"}],"about":[{"href":"https:\/\/agrocerespic.com.br\/en\/wp-json\/wp\/v2\/types\/post"}],"author":[{"embeddable":true,"href":"https:\/\/agrocerespic.com.br\/en\/wp-json\/wp\/v2\/users\/5"}],"replies":[{"embeddable":true,"href":"https:\/\/agrocerespic.com.br\/en\/wp-json\/wp\/v2\/comments?post=9724"}],"version-history":[{"count":2,"href":"https:\/\/agrocerespic.com.br\/en\/wp-json\/wp\/v2\/posts\/9724\/revisions"}],"predecessor-version":[{"id":9729,"href":"https:\/\/agrocerespic.com.br\/en\/wp-json\/wp\/v2\/posts\/9724\/revisions\/9729"}],"wp:featuredmedia":[{"embeddable":true,"href":"https:\/\/agrocerespic.com.br\/en\/wp-json\/wp\/v2\/media\/9726"}],"wp:attachment":[{"href":"https:\/\/agrocerespic.com.br\/en\/wp-json\/wp\/v2\/media?parent=9724"}],"wp:term":[{"taxonomy":"category","embeddable":true,"href":"https:\/\/agrocerespic.com.br\/en\/wp-json\/wp\/v2\/categories?post=9724"},{"taxonomy":"post_tag","embeddable":true,"href":"https:\/\/agrocerespic.com.br\/en\/wp-json\/wp\/v2\/tags?post=9724"}],"curies":[{"name":"wp","href":"https:\/\/api.w.org\/{rel}","templated":true}]}}